{"id":598,"date":"2019-12-24T12:22:30","date_gmt":"2019-12-24T11:22:30","guid":{"rendered":"http:\/\/lekkiepiora.pl\/?p=598"},"modified":"2019-12-24T12:23:15","modified_gmt":"2019-12-24T11:23:15","slug":"dziadek-do-orzechow-bajki-baletowe-katarzyna-k-gardzina-kubala-tadeusz-rybicki","status":"publish","type":"post","link":"http:\/\/lekkiepiora.pl\/?p=598","title":{"rendered":"\u201eDziadek do orzech\u00f3w. Bajki baletowe\u201d, Katarzyna K. Gardzina-Kuba\u0142a, Tadeusz Rybicki."},"content":{"rendered":"\n<figure class=\"wp-block-image\"><img loading=\"lazy\" width=\"808\" height=\"1024\" src=\"http:\/\/lekkiepiora.pl\/wp-content\/uploads\/2019\/12\/Dziadek-do-orzech\u00f3w-808x1024.jpg\" alt=\"\" class=\"wp-image-599\" srcset=\"http:\/\/lekkiepiora.pl\/wp-content\/uploads\/2019\/12\/Dziadek-do-orzech\u00f3w-808x1024.jpg 808w, http:\/\/lekkiepiora.pl\/wp-content\/uploads\/2019\/12\/Dziadek-do-orzech\u00f3w-237x300.jpg 237w, http:\/\/lekkiepiora.pl\/wp-content\/uploads\/2019\/12\/Dziadek-do-orzech\u00f3w-768x973.jpg 768w, http:\/\/lekkiepiora.pl\/wp-content\/uploads\/2019\/12\/Dziadek-do-orzech\u00f3w-1200x1520.jpg 1200w, http:\/\/lekkiepiora.pl\/wp-content\/uploads\/2019\/12\/Dziadek-do-orzech\u00f3w.jpg 1256w\" sizes=\"(max-width: 709px) 85vw, (max-width: 909px) 67vw, (max-width: 984px) 61vw, (max-width: 1362px) 45vw, 600px\" \/><figcaption>&#8222;Dziadek do orzech\u00f3w. Bajki baletowe&#8221;, Katarzyna K. Gardzina-Kuba\u0142a, Tadeusz Rybicki; ilustracje: Klaudia Polak-Szewczyk; wydawnictwo: Studio Blok;<\/figcaption><\/figure>\n\n\n<p>Dzi\u015b bajka i nie-bajka, przepi\u0119kna opowie\u015b\u0107, kt\u00f3r\u0105 misternym ta\u0144cem plot\u0105 na scenie teatr\u00f3w baletowych \u015bwiata tancerze z towarzyszeniem orkiestr symfonicznych. Teatru Wielkiego te\u017c \u2013 zawsze w okresie oko\u0142o\u015bwi\u0105tecznym. Cudowna muzyka, poezja ruchu i zapieraj\u0105ce dech w piersiach dekoracje. Warto zobaczy\u0107. Warto, \u017ceby rozsmakowa\u0107 dziecko w sztuce baletu i warto, aby si\u0119 ni\u0105 nasyci\u0107. Nie wa\u017cne, czy to po raz pierwszy, czy setny. Zawsze oczarowuje i zachwyca.<\/p>\n<p>\u201eDziadek do orzech\u00f3w\u201d &#8211; to oczywi\u015bcie o nim mowa. Dzi\u015b w wersji z serii Bajki Baletowe. Wspania\u0142a pozycja dla dzieci, kt\u00f3ra przybli\u017ca libretto baletu, powsta\u0142e na kanwie ksi\u0105\u017cki Ernsta Theodora Amadeusa Hoffmanna \u201eDziadek do orzech\u00f3w i Kr\u00f3l Myszy\u201d w formie zgrabnie opowiedzianej ba\u015bni. Dodatkowo mn\u00f3stwo informacji o kompozytorze muzyki \u2013 Piotrze Czajkowskim i choreografie \u2013 Lwie Iwanowiczu Iwanowie, a tak\u017ce o samym balecie i regu\u0142ach ta\u0144ca klasycznego. Jednym s\u0142owem \u2013 ba\u015bniowa uczta z nut\u0105 ta\u0144ca i historii. A na deser przepi\u0119kne ilustracje, kt\u00f3re zatrzyma\u0142y na chwil\u0119 ruch w kr\u00f3tkiej kresce, ale nadal s\u0105 nim przesi\u0105kni\u0119te, jakby zatrzymane w p\u00f3\u0142obrocie piruetu.<\/p>\n<p>\u201eBajk\u0119, kt\u00f3r\u0105 opowiadam, wypatrzy\u0142em pewnej zimy na szybie. Wmarz\u0142a pomi\u0119dzy ki\u015bcie lodowych bukiet\u00f3w, kt\u00f3re wytrawi\u0142 na szybach mr\u00f3z. A by\u0142a to Wigilia\u2026\u201d Dzi\u015b te\u017c jest. \u017bycz\u0119 Wam zatem, aby\u015bcie napisali swoj\u0105 w\u0142asn\u0105 bajk\u0119 \u2013 s\u0142owami \u015bwi\u0105tecznych \u017cycze\u0144, dziel\u0105c si\u0119 op\u0142atkiem, intensywn\u0105 czerwieni\u0105 wigilijnego barszczu, ciep\u0142em pierog\u00f3w z kapust\u0105, korzennym zapachem piernika i s\u0142odycz\u0105 gor\u0105cej czekolady. Napiszcie j\u0105 spojrzeniami nad wigilijnym sto\u0142em, u\u015bciskami d\u0142oni, poca\u0142unkiem pod jemio\u0142\u0105, radosnym \u015bmiechem i cich\u0105 kol\u0119d\u0105. Napiszcie j\u0105 dzi\u015b, ale wspominajcie j\u0105 codziennie. Bo bajki nie tylko mo\u017cna us\u0142ysze\u0107 i zobaczy\u0107, bajki mo\u017cna te\u017c pisa\u0107. I to naprawd\u0119 pi\u0119knie\u2026<\/p>\n<p><em>Oba cytaty pochodz\u0105 z tekstu ksi\u0105\u017cki \u201eDziadek do orzech\u00f3w. Bajki baletowe\u201d, Katarzyna K. Gardzina-Kuba\u0142a, Tadeusz Rybicki. <\/em><\/p>","protected":false},"excerpt":{"rendered":"<p>\u201eBajki mo\u017cna us\u0142ysze\u0107 albo zobaczy\u0107. Czekaj\u0105 na nas w r\u00f3\u017cnych, cz\u0119sto zaskakuj\u0105cych miejscach. Czasami mo\u017cna je ujrze\u0107, jak k\u0142\u0119bi\u0105 si\u0119 mi\u0119dzy chmurami, \u017cegluj\u0105c razem z nimi po niebie. Albo trzepoc\u0105 w plamach s\u0142o\u0144ca pod starymi drzewami jak wielkie, aksamitne motyle. Jedn\u0105 wymrucza\u0142 mi znajomy kot, zapl\u0105ta\u0142a mu si\u0119 w futerku podczas wyprawy na strych\u2026\u201d<\/p>\n","protected":false},"author":1,"featured_media":0,"comment_status":"open","ping_status":"open","sticky":false,"template":"","format":"standard","meta":[],"categories":[5],"tags":[10,78,14,15,18,97,77,19,79,7,75,9,13],"_links":{"self":[{"href":"http:\/\/lekkiepiora.pl\/index.php?rest_route=\/wp\/v2\/posts\/598"}],"collection":[{"href":"http:\/\/lekkiepiora.pl\/index.php?rest_route=\/wp\/v2\/posts"}],"about":[{"href":"http:\/\/lekkiepiora.pl\/index.php?rest_route=\/wp\/v2\/types\/post"}],"author":[{"embeddable":true,"href":"http:\/\/lekkiepiora.pl\/index.php?rest_route=\/wp\/v2\/users\/1"}],"replies":[{"embeddable":true,"href":"http:\/\/lekkiepiora.pl\/index.php?rest_route=%2Fwp%2Fv2%2Fcomments&post=598"}],"version-history":[{"count":1,"href":"http:\/\/lekkiepiora.pl\/index.php?rest_route=\/wp\/v2\/posts\/598\/revisions"}],"predecessor-version":[{"id":600,"href":"http:\/\/lekkiepiora.pl\/index.php?rest_route=\/wp\/v2\/posts\/598\/revisions\/600"}],"wp:attachment":[{"href":"http:\/\/lekkiepiora.pl\/index.php?rest_route=%2Fwp%2Fv2%2Fmedia&parent=598"}],"wp:term":[{"taxonomy":"category","embeddable":true,"href":"http:\/\/lekkiepiora.pl\/index.php?rest_route=%2Fwp%2Fv2%2Fcategories&post=598"},{"taxonomy":"post_tag","embeddable":true,"href":"http:\/\/lekkiepiora.pl\/index.php?rest_route=%2Fwp%2Fv2%2Ftags&post=598"}],"curies":[{"name":"wp","href":"https:\/\/api.w.org\/{rel}","templated":true}]}}