{"id":431,"date":"2019-05-29T10:36:33","date_gmt":"2019-05-29T08:36:33","guid":{"rendered":"http:\/\/lekkiepiora.pl\/?p=431"},"modified":"2019-05-29T10:39:37","modified_gmt":"2019-05-29T08:39:37","slug":"dzien-dziecka-malgorzata-polec-rozbicka-opowiadanie-edukacyjne-dla-dzieci","status":"publish","type":"post","link":"http:\/\/lekkiepiora.pl\/?p=431","title":{"rendered":"&#8222;Dzie\u0144 Dziecka&#8221;, Ma\u0142gorzata Po\u0142e\u0107-Rozbicka. Opowiadanie edukacyjne dla dzieci"},"content":{"rendered":"<p>Mama, ciocia, pani Kasia, czyli wysoka, szczup\u0142a blondynka z w\u0142osami zwi\u0105zanymi w \u201eszybki\u201d kucyk energicznie podjecha\u0142a na szkolny parking i zatrzyma\u0142a poka\u017anego rozmiaru vana. Otworzy\u0142y si\u0119 drzwi i z wn\u0119trza wysypa\u0142 si\u0119 d\u0142ugi szereg dzieciak\u00f3w.<\/p>\n<p>&#8211; Pa, ciociu!<\/p>\n<p>&#8211; Pa, mamo!<\/p>\n<p>&#8211; Do zobaczyska!<\/p>\n<p>&#8211; Buzi, buzi!<\/p>\n<p>&#8211; Przybijesz ciocia pi\u0105tk\u0119 na szcz\u0119\u015bcie? Mam dzi\u015b sprawdzian z matematyki.<\/p>\n<p>&#8211; Do widzenia pani Kasiu!<\/p>\n<p>Siedz\u0105ca za kierownic\u0105 kobieta z u\u015bmiechem odpowiada\u0142a na te wszystkie po\u017cegnania, tylko przy tym ostatnim jako\u015b znowu j\u0105 zmrozi\u0142o. Ci\u0105gle liczy\u0142a na to, \u017ce Franio w ko\u0144cu nazwie j\u0105 cho\u0107by cioci\u0105 \u2013 ju\u017c nawet niekoniecznie mam\u0105, a Franek ci\u0105gle tylko \u201epani Kasiu\u201d i \u201epani Kasiu\u201d\u2026<\/p>\n<p>&#8211; No nic! Potrzeba czasu! \u2013 powiedzia\u0142a do siebie w my\u015blach, w\u0142\u0105czy\u0142a kierunkowskaz, wrzuci\u0142a jedynk\u0119 i w\u0142\u0105czy\u0142a si\u0119 do ruchu. Tyle dzi\u015b pracy, a dzieciaki maj\u0105 w szkole lekcje skr\u00f3cone i wkr\u00f3tce b\u0119dzie musia\u0142a po nie wr\u00f3ci\u0107.<\/p>\n<p style=\"text-align: center;\">*<\/p>\n<p style=\"text-align: center;\">*\u00a0\u00a0\u00a0\u00a0\u00a0\u00a0\u00a0\u00a0\u00a0\u00a0\u00a0\u00a0\u00a0\u00a0\u00a0\u00a0\u00a0\u00a0\u00a0\u00a0\u00a0 *<\/p>\n<p>Na dzia\u0142ce pani Stefanii &#8211; s\u0105siadki kt\u00f3ra zaoferowa\u0142a oddanie swojej nieruchomo\u015bci do dyspozycji rodziny Rylskich na najbli\u017cszy weekend -Zbyszek ju\u017c wiele zrobi\u0142. Nazbierane w lesie od\u0142amane ga\u0142\u0119zie drzew i wi\u0105zki chrustu le\u017ca\u0142y w zgrabnym kopcu obok okr\u0119gu z kamieni. Nieopodal pod wprawnymi Zbyszkowymi r\u0119kami wyrasta\u0142 pierwszy namiot. Jego budowniczy, gdy tylko dostrzeg\u0142 \u017con\u0119, wyprostowa\u0142 plecy i podzieli\u0142 si\u0119 swoj\u0105 trosk\u0105:<\/p>\n<p>&#8211; Ten namiot, kt\u00f3ry po\u017cyczyli\u015bmy od Karola nie nadaje si\u0119 zupe\u0142nie. Ma podart\u0105 plandek\u0119 i jak b\u0119dzie pada\u0142o, to ch\u0142opakom woda b\u0119dzie lecia\u0142a na g\u0142ow\u0119.<\/p>\n<p>&#8211; Ojej! Tyle przygotowa\u0144, a zawsze co\u015b si\u0119 musi nieoczekiwanego przydarzy\u0107 \u2013 zmartwi\u0142a si\u0119 pani Kasia.<\/p>\n<p>&#8211; Nie jest tak \u017ale. Na cztery namioty tylko jeden do niczego \u2013 pocieszy\u0142 \u017con\u0119 pan Zbyszek i zaraz znalaz\u0142 rozwi\u0105zanie &#8211; Mo\u017ce podjed\u017a do wuja Leona? Kiedy\u015b lubi\u0142 wyje\u017cd\u017ca\u0107 na motocyklowe wyprawy, mia\u0142 wtedy namiot. Mo\u017ce jeszcze si\u0119 nadaje.<\/p>\n<p>&#8211; Jad\u0119! &#8211; powiedzia\u0142a bez wahania pani Kasia i zanim ten zd\u0105\u017cy\u0142 jeszcze co\u015b doda\u0107, siedzia\u0142a ju\u017c za kierownic\u0105. Z wpraw\u0105 wycofa\u0142a samoch\u00f3d za bram\u0119 i skr\u0119ci\u0142a w stron\u0119 Zalasku. Czeka\u0142o j\u0105 dobre kilkana\u015bcie kilometr\u00f3w, ale czego si\u0119 nie robi dla dzieci i to jeszcze w Dzie\u0144 Dziecka. Wcisn\u0119\u0142a guzik w\u0142\u0105czaj\u0105cy radio i z g\u0142o\u015bnik\u00f3w dobieg\u0142a muzyka, a chwil\u0119 potem m\u0119ski g\u0142os. Pani Kasia pogr\u0105\u017cy\u0142a si\u0119 w my\u015blach, bo te\u017c mia\u0142a o czym, a raczej o kim my\u015ble\u0107: Janek, Sandra, Micha\u0142, Marcin, Karina i Franek. Tak. O Franku ostatnio my\u015bla\u0142a najwi\u0119cej\u2026<\/p>\n<p>I dopiero, kiedy stan\u0119\u0142a przed rondem, i gdy zosta\u0142a zmuszona do skupienia si\u0119 na prowadzeniu samochodu, znowu wr\u00f3ci\u0142a do rzeczywisto\u015bci. G\u0142os z radia monotonne wystrzeliwa\u0142 kolejne wyrazy i dopiero po chwili pani Kasia zorientowa\u0142a si\u0119, \u017ce m\u00f3wi o \u015bwi\u0119towanym dzi\u015b Dniu Dziecka : \u201eJego pocz\u0105tki si\u0119gaj\u0105 1924 roku. W\u00f3wczas na wniosek Mi\u0119dzynarodowego Zwi\u0105zku Pomocy Dzieciom reprezentowana przez przedstawicieli ponad 50 kraj\u00f3w Liga Narod\u00f3w podj\u0119\u0142a w Genewie uchwa\u0142\u0119 zwan\u0105 \u201eDeklaracj\u0105 Praw Dziecka\u201d, uznaj\u0105c\u0105 dzieci za pe\u0142noprawnych obywateli spo\u0142ecze\u0144stwa, kt\u00f3rym nale\u017cy si\u0119 wszystko, co najlepsze, a w szczeg\u00f3lno\u015bci prawo do \u017cycia, ochrony i pomocy. Dzie\u0144 Dziecka to \u015bwi\u0119to obchodzone niemal na ca\u0142ym \u015bwiecie. Jednak nie we wszystkich krajach w tym samym dniu i w ten sam spos\u00f3b.\u201d<\/p>\n<p>Ostatnie zdanie bardzo zainteresowa\u0142o pani\u0105 Kasi\u0119, bo pomy\u015bla\u0142a, \u017ce fajnie by by\u0142o opowiedzie\u0107 dzieciakom przy ognisku jak ich \u015bwi\u0119to wygl\u0105da w r\u00f3\u017cnych krajach, ale niestety dojecha\u0142a w\u0142a\u015bnie pod bram\u0119 wuja Leona, a potrzeba zdobycia pe\u0142nowarto\u015bciowego namiotu by\u0142a znacznie wa\u017cniejsza ni\u017c radiowa audycja. Pani Kasia przekr\u0119ci\u0142a wi\u0119c kluczyk w stacyjce, radiowy spiker przerwa\u0142 w p\u00f3\u0142 s\u0142owa, a na ganku przed domem pojawi\u0142 si\u0119 ju\u017c wuj Leon, kt\u00f3ry wypatrzy\u0142 go\u015bcia przez kuchenne okno.<\/p>\n<p style=\"text-align: center;\">*<\/p>\n<p style=\"text-align: center;\">*\u00a0\u00a0\u00a0\u00a0\u00a0\u00a0\u00a0\u00a0\u00a0\u00a0\u00a0\u00a0\u00a0\u00a0\u00a0\u00a0\u00a0\u00a0\u00a0\u00a0\u00a0 *<\/p>\n<p>Trzy godziny p\u00f3\u017aniej pani Kasia znowu sta\u0142a pod szko\u0142\u0105. Otworzy\u0142a drzwi i do samochodu kolejno wsuwa\u0142y si\u0119 jej dzieci. Powitania, cmoki w policzek, przybijanie pi\u0105tki, gratulacje i s\u0142owa pocieszenia \u2013 codzienna litania, kt\u00f3ra nigdy jej si\u0119 nie znudzi. Uwielbia te pierwsze chwile po szkole, kiedy dzieci tak du\u017co maj\u0105 do powiedzenia i przekrzykuj\u0105 si\u0119 jedno przez drugie, \u017ceby podzieli\u0107 si\u0119 ze swoj\u0105 \u201eprzyszywan\u0105\u201d mam\u0105 wszystkimi swoimi emocjami. Tylko Franek znowu milczy\u2026<\/p>\n<p>Kiedy ju\u017c wszyscy siedz\u0105 w samochodzie \u2013 niekt\u00f3rzy w fotelikach i na podk\u0142adkach, inni ju\u017c bez, pani Kasia pyta niby od niechcenia:<\/p>\n<p>&#8211; Gotowi na przygod\u0119! \u2013 i nie czekaj\u0105c na odpowied\u017a dodaje \u2013 No to ruszamy!<\/p>\n<p>A po samochodzie przeszed\u0142 cichy szmer i st\u0142umione piski dziewczyn. Wszyscy ju\u017c domy\u015blili si\u0119, \u017ce czeka ich dzi\u015b co\u015b szczeg\u00f3lnego.<\/p>\n<p>&#8211; To jaki\u015b prezent na Dzie\u0144 Dziecka! Tak! \u2013 nie wytrzyma\u0142 Marcin. \u2013 O rany! Ciocia powiedz co to! Normalnie nie wytrzymam! \u2013 rozemocjonowa\u0142 si\u0119 ch\u0142opiec, a jego entuzjazm udzieli\u0142 si\u0119 innym i wkr\u00f3tce znowu w samochodzie zrobi\u0142o si\u0119 g\u0142o\u015bno i to tak, \u017ce pani Kasia przestraszy\u0142a si\u0119, \u017ce jej g\u0142owa p\u0119knie i dosz\u0142a do wniosku, \u017ce musi co\u015b zrobi\u0107 i zaj\u0105\u0107 czym\u015b swoj\u0105 gromadk\u0119.<\/p>\n<p>&#8211; A wiecie, \u017ce w ka\u017cdym kraju Dzie\u0144 Dziecka obchodzi si\u0119 inaczej i nawet w inne dni \u2013 zainicjowa\u0142a rozmow\u0119.<\/p>\n<p>&#8211;\u00a0 A jak? A kiedy? A dlaczego? \u2013posypa\u0142y si\u0119 pytania i pani Kasia pomy\u015bla\u0142a, \u017ce wywo\u0142a\u0142a wilka z lasu, bo nie umie na nie odpowiedzie\u0107. Pozosta\u0142o tylko si\u0119 przyzna\u0107:<\/p>\n<p>&#8211; No w\u0142a\u015bnie nie wiem, bo nie uda\u0142o mi si\u0119 wys\u0142ucha\u0107 do ko\u0144ca radiowej audycji. Ale mo\u017cecie znale\u017a\u0107 w Internecie \u2013 doda\u0142a pospiesznie. \u2013 Franiu, mo\u017ce ty sprawdzisz? \u2013 poprosi\u0142a najspokojniejsz\u0105 ze swoich pociech.<\/p>\n<p>&#8211; Nie ma sprawy! \u2013zgodzi\u0142 si\u0119 ch\u0142opiec i po chwili czyta\u0142 ju\u017c pozosta\u0142ym:<\/p>\n<p>\u201eW Polsce Dzie\u0144 Dziecka obchodzony jest 1 czerwca od 1952 roku w nast\u0119pstwie dzia\u0142a\u0144 \u015awiatowej Federacji Kobiet Demokratycznych, kt\u00f3ra tego w\u0142a\u015bnie dnia organizowa\u0142a od 1949 roku manifestacje po\u015bwi\u0119cone problemom ochrony dzieci przed wojn\u0105, krzywd\u0105 i g\u0142odem. We Francji i W\u0142oszech Dzie\u0144 Dziecka obchodzi si\u0119 w ramach Dnia Rodziny, kt\u00f3ry przypada na 6 stycznia i \u0142\u0105czy si\u0119 z, obchodzonym w tradycji chrze\u015bcija\u0144skiej, \u015awi\u0119tem Trzech Kr\u00f3li. W\u00f3wczas dzieci otrzymuj\u0105 prezenty i w z\u0142otych koronach na g\u0142owach zasiadaj\u0105 wraz z rodzicami przy sto\u0142ach suto zastawionych s\u0142odyczami. W Turcji uroczysto\u015b\u0107 ta zbiega si\u0119 ze \u015awi\u0119tem Niepodleg\u0142o\u015bci i obchodzona jest 23 kwietnia. W Brazylii Dzie\u0144 Dziecka obchodzony jest 12 pa\u017adziernika, a w Australii w pierwsz\u0105 sobot\u0119 lipca ka\u017cdego roku. Dwukrotnie w ci\u0105gu roku \u015bwi\u0119tuj\u0105 Japo\u0144czycy. Po raz pierwszy 3 marca, podczas Festiwalu Lalek, zwanego tak\u017ce Festiwalem Dziewczynek, po raz drugi \u2013 5 maja. \u015awi\u0119tuj\u0105 wtedy ch\u0142opcy, kt\u00f3rzy buduj\u0105 wraz z rodzicami papierowe latawce w kszta\u0142cie ryby i wieszaj\u0105 je na d\u0142ugich masztach przed domem. Jest ich tyle, ile dzieci liczy rodzina. Symbolizuj\u0105 one si\u0142\u0119, odwag\u0119 i determinacj\u0119 w d\u0105\u017ceniu do celu\u2026\u201d<\/p>\n<p>Wszyscy w milczeniu s\u0142uchali i nawet nie zauwa\u017cyli jak ich determinacja w d\u0105\u017ceniu do celu zosta\u0142a nagrodzona, bo pani Kasia zaparkowa\u0142a w\u0142a\u015bnie na zalesionej dzia\u0142ce, wysiad\u0142a z samochodu i wraz z m\u0119\u017cem, kt\u00f3ry oczekiwa\u0142 ich przyjazdu rado\u015bnie zakrzykn\u0119li:<\/p>\n<p>&#8211; Wszystkiego najlepszego z okazji Dnia Dziecka!<\/p>\n<p>A potem uca\u0142owali i u\u015bciskali ka\u017cde ze swoich dzieci i zaprowadzili na miejsce obozowiska. A te, oniemia\u0142e z zachwytu na widok p\u0142on\u0105cego ogniska, nadzianych na patyki kie\u0142basek i rozstawionych w p\u00f3\u0142okr\u0119gu czterech kolorowych namiot\u00f3w nie mog\u0142y wykrztusi\u0107 z siebie \u017cadnego s\u0142owa. Na wysoko\u015bci zadania stan\u0105\u0142 jak zwykle Marcin, kt\u00f3ry g\u0142o\u015bno wykrzykn\u0105\u0142:<\/p>\n<p>&#8211; Jeste\u015bcie wspaniali! \u2013 i rzuci\u0142 si\u0119 w obj\u0119cia zast\u0119pczych rodzic\u00f3w, a za nim wszyscy jego zast\u0119pczy bracia i siostry. Franek te\u017c.<\/p>\n<p>Zabawa trwa\u0142a do ciemnej nocy, zw\u0142aszcza, \u017ce po kie\u0142baskach by\u0142y jeszcze zgadywanki, podchody, pieczenie pianek i \u015bpiewy przy gitarze, na kt\u00f3rej z niewielk\u0105 wpraw\u0105 pobrz\u0119kiwa\u0142 pan Zbyszek. A potem wszyscy siedzieli opatuleni w koce i patrzyli na gwiazdy, kt\u00f3re iskrzy\u0142y na bezchmurnym niebie znacznie bardziej ni\u017c w mie\u015bcie. Kiedy jedna z nich przemkn\u0119\u0142a po niebosk\u0142onie, pani Kasia zawo\u0142a\u0142a:<\/p>\n<p>&#8211; Szybko! Pomy\u015blcie \u017cyczenie!<\/p>\n<p>&#8211; Ciociu! Ja ju\u017c nie musz\u0119! Moje si\u0119 spe\u0142ni\u0142o\u2026 &#8211; powiedzia\u0142 Franek.<\/p>\n<p>I Pani Kasia pomy\u015bla\u0142a, \u017ce jej r\u00f3wnie\u017c spe\u0142ni\u0142o si\u0119 przed chwil\u0105.<\/p>\n","protected":false},"excerpt":{"rendered":"<p>Mama, ciocia, pani Kasia, czyli wysoka, szczup\u0142a blondynka z w\u0142osami zwi\u0105zanymi w \u201eszybki\u201d kucyk energicznie podjecha\u0142a na szkolny parking i zatrzyma\u0142a poka\u017anego rozmiaru vana. Otworzy\u0142y si\u0119 drzwi i z wn\u0119trza wysypa\u0142 si\u0119 d\u0142ugi szereg dzieciak\u00f3w. &#8211; Pa, ciociu! &#8211; Pa, mamo! &#8211; Do zobaczyska! &#8211; Buzi, buzi! &#8211; Przybijesz ciocia pi\u0105tk\u0119 na szcz\u0119\u015bcie? Mam dzi\u015b &hellip; <a href=\"http:\/\/lekkiepiora.pl\/?p=431\" class=\"more-link\">Czytaj dalej<span class=\"screen-reader-text\"> &#8222;Dzie\u0144 Dziecka&#8221;, Ma\u0142gorzata Po\u0142e\u0107-Rozbicka. Opowiadanie edukacyjne dla dzieci<\/span><\/a><\/p>\n","protected":false},"author":1,"featured_media":0,"comment_status":"open","ping_status":"open","sticky":false,"template":"","format":"standard","meta":[],"categories":[6],"tags":[126,18,97,77,19,79,7,11,60,109],"_links":{"self":[{"href":"http:\/\/lekkiepiora.pl\/index.php?rest_route=\/wp\/v2\/posts\/431"}],"collection":[{"href":"http:\/\/lekkiepiora.pl\/index.php?rest_route=\/wp\/v2\/posts"}],"about":[{"href":"http:\/\/lekkiepiora.pl\/index.php?rest_route=\/wp\/v2\/types\/post"}],"author":[{"embeddable":true,"href":"http:\/\/lekkiepiora.pl\/index.php?rest_route=\/wp\/v2\/users\/1"}],"replies":[{"embeddable":true,"href":"http:\/\/lekkiepiora.pl\/index.php?rest_route=%2Fwp%2Fv2%2Fcomments&post=431"}],"version-history":[{"count":2,"href":"http:\/\/lekkiepiora.pl\/index.php?rest_route=\/wp\/v2\/posts\/431\/revisions"}],"predecessor-version":[{"id":433,"href":"http:\/\/lekkiepiora.pl\/index.php?rest_route=\/wp\/v2\/posts\/431\/revisions\/433"}],"wp:attachment":[{"href":"http:\/\/lekkiepiora.pl\/index.php?rest_route=%2Fwp%2Fv2%2Fmedia&parent=431"}],"wp:term":[{"taxonomy":"category","embeddable":true,"href":"http:\/\/lekkiepiora.pl\/index.php?rest_route=%2Fwp%2Fv2%2Fcategories&post=431"},{"taxonomy":"post_tag","embeddable":true,"href":"http:\/\/lekkiepiora.pl\/index.php?rest_route=%2Fwp%2Fv2%2Ftags&post=431"}],"curies":[{"name":"wp","href":"https:\/\/api.w.org\/{rel}","templated":true}]}}